{"id":5896,"date":"2025-10-12T09:47:54","date_gmt":"2025-10-12T07:47:54","guid":{"rendered":"https:\/\/www.laragnatelateatro.com\/?p=5896"},"modified":"2026-03-15T21:48:56","modified_gmt":"2026-03-15T20:48:56","slug":"frankenstein-junior-25-26","status":"publish","type":"post","link":"https:\/\/www.laragnatelateatro.com\/index.php\/2025\/10\/12\/frankenstein-junior-25-26\/","title":{"rendered":"FRANKENSTEIN JUNIOR 25\/26"},"content":{"rendered":"\n<h2 class=\"wp-block-heading has-text-align-center\">Frankenstein Junior<\/h2>\n\n\n\n<div class=\"wp-block-uagb-advanced-heading uagb-block-ff00642a\"><h4 class=\"uagb-heading-text\">Musical<\/h4><\/div>\n\n\n\n<div class=\"wp-block-uagb-container uagb-block-b8c6806c alignfull uagb-is-root-container\"><div class=\"uagb-container-inner-blocks-wrap\">\n<div class=\"wp-block-uagb-container uagb-block-82ce045a\">\n<div class=\"wp-block-uagb-image uagb-block-b57ef9c0 wp-block-uagb-image--layout-default wp-block-uagb-image--effect-static wp-block-uagb-image--align-none\"><figure class=\"wp-block-uagb-image__figure\"><img decoding=\"async\" srcset=\"https:\/\/www.laragnatelateatro.com\/wp-content\/uploads\/2025\/10\/FJ_Verticale-717x1024.jpg ,https:\/\/www.laragnatelateatro.com\/wp-content\/uploads\/2025\/10\/FJ_Verticale.jpg 780w, https:\/\/www.laragnatelateatro.com\/wp-content\/uploads\/2025\/10\/FJ_Verticale.jpg 360w\" sizes=\"auto, (max-width: 480px) 150px\" src=\"https:\/\/www.laragnatelateatro.com\/wp-content\/uploads\/2025\/10\/FJ_Verticale-717x1024.jpg\" alt=\"\" class=\"uag-image-6575\" width=\"717\" height=\"1024\" title=\"FJ_Verticale\" loading=\"lazy\" role=\"img\"\/><\/figure><\/div>\n<\/div>\n\n\n\n<div class=\"wp-block-uagb-container uagb-block-9821d5c4\">\n<div class=\"wp-block-columns is-layout-flex wp-container-core-columns-is-layout-28f84493 wp-block-columns-is-layout-flex\">\n<div class=\"wp-block-column is-vertically-aligned-center is-layout-flow wp-block-column-is-layout-flow\" style=\"flex-basis:66.66%\">\n<p class=\"has-text-align-center\" style=\"font-size:18px\"><strong>Venerd<strong>\u00ec<\/strong> 14\/11\/2025 &#8211; Ore 21.00<br> <a href=\"https:\/\/www.laragnatelateatro.com\/index.php\/2024\/09\/25\/teatro-dehon\/\" data-type=\"post\" data-id=\"5100\"><\/a><strong><a href=\"https:\/\/www.laragnatelateatro.com\/index.php\/2024\/09\/25\/teatro-dehon\/\">Teatro Dehon<\/a><\/strong><\/strong> &#8211; BO<\/p>\n<\/div>\n\n\n\n<div class=\"wp-block-column is-vertically-aligned-top is-layout-flow wp-block-column-is-layout-flow\" style=\"flex-basis:33.33%\"><\/div>\n<\/div>\n\n\n\n<div class=\"wp-block-columns is-layout-flex wp-container-core-columns-is-layout-28f84493 wp-block-columns-is-layout-flex\">\n<div class=\"wp-block-column is-layout-flow wp-block-column-is-layout-flow\" style=\"flex-basis:66.66%\">\n<p class=\"has-text-align-center\"><strong>Sabato 15\/11\/2025 &#8211; Ore 21.00 <br><a href=\"https:\/\/www.laragnatelateatro.com\/index.php\/2024\/09\/25\/teatro-dehon\/\">Teatro Dehon<\/a><\/strong> &#8211; BO<\/p>\n<\/div>\n\n\n\n<div class=\"wp-block-column is-vertically-aligned-top is-layout-flow wp-block-column-is-layout-flow\" style=\"flex-basis:33.33%\"><\/div>\n<\/div>\n\n\n\n<div class=\"wp-block-columns is-layout-flex wp-container-core-columns-is-layout-28f84493 wp-block-columns-is-layout-flex\">\n<div class=\"wp-block-column is-layout-flow wp-block-column-is-layout-flow\" style=\"flex-basis:66.66%\">\n<p class=\"has-text-align-center\"><strong>Domenica 16\/11\/2025 &#8211; Ore 16.00<br> <a href=\"https:\/\/www.laragnatelateatro.com\/index.php\/2024\/09\/25\/teatro-dehon\/\" data-type=\"URL\" data-id=\"https:\/\/www.laragnatelateatro.com\/index.php\/2024\/09\/25\/teatro-dehon\/\">Teatro Dehon<\/a><\/strong> &#8211; BO<\/p>\n<\/div>\n\n\n\n<div class=\"wp-block-column is-vertically-aligned-top is-layout-flow wp-block-column-is-layout-flow\" style=\"flex-basis:33.33%\"><\/div>\n<\/div>\n\n\n\n<div class=\"wp-block-columns is-layout-flex wp-container-core-columns-is-layout-28f84493 wp-block-columns-is-layout-flex\">\n<div class=\"wp-block-column is-layout-flow wp-block-column-is-layout-flow\" style=\"flex-basis:66.66%\">\n<p class=\"has-text-align-center\"><strong>Sabato 14\/03\/2026 &#8211; Ore 21.00<br> <\/strong><a href=\"https:\/\/teatrocastiglione.it\/\" target=\"_blank\" rel=\"noreferrer noopener\"><strong>Teatro Comunale Castiglione dei Pepoli<\/strong><\/a> &#8211; BO<\/p>\n<\/div>\n<\/div>\n<\/div>\n<\/div><\/div>\n\n\n\n<div class=\"wp-block-group is-layout-constrained wp-block-group-is-layout-constrained\">\n<div class=\"wp-block-group is-layout-constrained wp-block-group-is-layout-constrained\">\n<p>Musical in 2 parti<br>da&nbsp;&nbsp;<strong>YOUNG FRANKENSTEIN<\/strong>&nbsp;<br>di&nbsp;<strong>MEL BROOKS<\/strong><br><strong>Libretto<\/strong>&nbsp;di Mel Brooks e Thomas Meehan<br><strong>Musiche e Testi&nbsp;<\/strong>di Mel Brooks<br><strong>Regia e Coreografie Originali<\/strong>&nbsp;di Susan Strorman<br><strong>\u2018Puttin on the Ritz\u2019<\/strong>&nbsp;di Irving Berlin<br><strong>Traduzione<\/strong>&nbsp;Franco Travaglio<br><strong>Adattamento&nbsp;<\/strong>Saverio Marconi e Michele Renzullo<\/p>\n\n\n\n<h4 class=\"wp-block-heading has-text-align-center\" style=\"margin-top:var(--wp--preset--spacing--70);margin-right:var(--wp--preset--spacing--70);margin-bottom:var(--wp--preset--spacing--70);margin-left:var(--wp--preset--spacing--70);font-style:normal;font-weight:700\">SINOSSI<\/h4>\n\n\n\n<p class=\"has-text-align-left\">Tratto dall\u2019omonimo film capolavoro di Mel Brooks, il Musical vede come protagonista il Dott. Frederick \u201cFrankenst-I-n\u201d, docente di medicina di New York, che riceve in eredit\u00e0 dal ben pi\u00f9 celebre nonno, Victor Von Frankenstein, un castello in Transilvania. Recatosi l\u00ec, dopo aver tentato di resistere alla nefasta vocazione della propria famiglia, Frederick decide di seguire le orme del nonno e ricrearne l\u2019esperimento: dare la vita ad una creatura inanimata. Grazie all\u2019aiuto della seducente assistente Inga e del fedele servitore Igor (rigorosamente \u201cAigor\u201d) e sotto la severa supervisione della governante Frau Blucher, riuscir\u00e0 nel suo intento\u2026? Nel Musical ritroviamo l\u2019esilarante comicit\u00e0 di Mel Brooks, autore anche delle musiche che rendono lo spettacolo ancora pi\u00f9 frizzante.<\/p>\n\n\n\n<hr class=\"wp-block-separator has-alpha-channel-opacity\"\/>\n<\/div>\n\n\n\n<div class=\"wp-block-group is-layout-constrained wp-block-group-is-layout-constrained\">\n<h4 class=\"wp-block-heading has-text-align-center\" style=\"font-style:normal;font-weight:700\">CAST<\/h4>\n\n\n\n<h6 class=\"wp-block-heading\">PERSONAGGI<\/h6>\n\n\n\n<ul class=\"wp-block-list\">\n<li><strong>DOTTOR FRANKENSTIN<\/strong>: GIACOMO PICCHI<\/li>\n\n\n\n<li><strong>MOSTRO<\/strong>: STEFANO CANI<\/li>\n\n\n\n<li><strong>IGOR<\/strong>: ANDREA CAVALLARI<\/li>\n\n\n\n<li><strong>INGA<\/strong>: MICHELA RICCI MALERBI<\/li>\n\n\n\n<li><strong>FRAU BLUCHER<\/strong>: DINA GIUNTOLI<\/li>\n\n\n\n<li><strong>ELIZABETH<\/strong>: VALENTINA PERNA<\/li>\n\n\n\n<li><strong>VICTOR VON FRANKENSTEIN<\/strong>: MATTEO CALZATI<\/li>\n\n\n\n<li><strong>ISPETTORE KEMP<\/strong>: NICOLAS GARAVAGLIA<\/li>\n\n\n\n<li><strong>EREMITA<\/strong>: GIANNI RAGNO<\/li>\n\n\n\n<li><strong>ZIGGY<\/strong>: CALOGERO ARONICA<\/li>\n\n\n\n<li><strong>MR HILLTOP<\/strong>: MAURIZIO PEZZOLI<\/li>\n\n\n\n<li><strong>ARALDO<\/strong>: MATTEO RUBBINI<\/li>\n\n\n\n<li><strong>POSTINO<\/strong>: FABIO DELENA<\/li>\n\n\n\n<li><strong>MORDECAI<\/strong>: MATTEO RUBBINI<\/li>\n\n\n\n<li><strong>NECROFORI<\/strong>: FABIO DELENA, MATTEO CALZATI<\/li>\n\n\n\n<li><strong>PASTORE<\/strong>: GIANNI RAGNO<\/li>\n\n\n\n<li><strong>BECCHINO<\/strong>: MAURIZIO PEZZOLI<\/li>\n\n\n\n<li><strong>CAVALLI<\/strong>: GIANNI RAGNO, FEDERICA MORINI<\/li>\n\n\n\n<li><strong>STUDENTI<\/strong>: ANDREA VALENZANO, FEDERICA MORINI, MATTEO RUBBINI, SILVIA RAGNO, SILVIA SALOMONI, VANESSA MONTANARI<\/li>\n\n\n\n<li><strong>FACCHINI<\/strong>: ARMANDO TORTORA, CALOGERO ARONA, MATTEO RUBBINI, MATTEO VERNALI<\/li>\n\n\n\n<li><strong>SORPRESA<\/strong>: ANDREA VALENZANO, MATTEO VERNALI, SILVIA SALOMONI, VANESSA MONTANARI<\/li>\n\n\n\n<li><strong>ASSISTENTI<\/strong>: MARIANGELA BASILE, MATTEO VERNALI<\/li>\n\n\n\n<li><strong>OMBRELLO:<\/strong> NICOLAS GARAVAGLIA, CALOGERO ARONICA, MATTEO RUBBINI<\/li>\n\n\n\n<li><strong>PUTTING<\/strong>: GIORGIA CHIARI, MATTEO RUBBINI, SILVIA RAGNO, VANESSA MONTANARI<\/li>\n\n\n\n<li><strong>AVI<\/strong>: CALOGERO ARONA, DIANA LIGUE DENIS, FEDERICA MORINI, MARIANGELA BASILE, MATTEO RUBBINI, SILVIA RAGNO, SILVIA SALOMONI, VANESSA MONTANARI<\/li>\n\n\n\n<li><strong>FELCOME<\/strong>: MARIANGELA BASILE, MATTEO CALZATI, MATTEO RUBBINI, SILVIA SALOMONI<\/li>\n\n\n\n<li><strong>PAESANI<\/strong>: ANDREA VALENZANO, ARMANDO TORTORA, DIANA LIGUE DENIS, FABIO DELENA, FEDERICA MORINI, MARIANGELA BASILE, MATTEO CALZATI, MATTEO RUBBINI, MATTEO VERNALI, SILVIA RAGNO, SILVIA SALOMONI, VANESSA MONTANARI<\/li>\n<\/ul>\n\n\n\n<hr class=\"wp-block-separator has-alpha-channel-opacity\"\/>\n<\/div>\n\n\n\n<div class=\"wp-block-group is-layout-constrained wp-block-group-is-layout-constrained\">\n<h4 class=\"wp-block-heading has-text-align-center\" style=\"font-style:normal;font-weight:700\">STAFF ARTISTICO<\/h4>\n\n\n\n<ul class=\"wp-block-list\">\n<li><strong>SCENOGRAFIE<\/strong>: GIOVANNI UGOLINI, MARIANO PRODOMO, GIULIA MAINARDI, CRISTINA, CONSUELO CABASSI, CARLO PICCHI<\/li>\n\n\n\n<li><strong>COSTUMI<\/strong>: TERESA BARBIERI<\/li>\n\n\n\n<li><strong>DIREZIONE CANTO<\/strong>: SOFIA SOLMI, DINA GIUNTOLI<\/li>\n\n\n\n<li><strong>COREOGRAFIE<\/strong>: GIORGIA CHIARI<\/li>\n\n\n\n<li><strong>REGIA<\/strong>: CARLO PICCHI<\/li>\n<\/ul>\n\n\n\n<hr class=\"wp-block-separator has-alpha-channel-opacity\"\/>\n<\/div>\n\n\n\n<div class=\"wp-block-group is-layout-constrained wp-block-group-is-layout-constrained\">\n<p>Musical in 2 parti<br>da&nbsp;&nbsp;<strong>YOUNG FRANKENSTEIN<\/strong>&nbsp;<br>di&nbsp;<strong>MEL BROOKS<\/strong><br><strong>Libretto<\/strong>&nbsp;di Mel Brooks e Thomas Meehan<br><strong>Musiche e Testi&nbsp;<\/strong>di Mel Brooks<br><strong>Regia e Coreografie Originali<\/strong>&nbsp;di Susan Strorman<br><strong>\u2018Puttin on the Ritz\u2019<\/strong>&nbsp;di Irving Berlin<br><strong>Traduzione<\/strong>&nbsp;Franco Travaglio<br><strong>Adattamento&nbsp;<\/strong>Saverio Marconi e Michele Renzullo<br><\/p>\n\n\n\n<p><em>Questa produzione amatoriale \u00e8 presentata in accordo con MUSIC THEATRE INTERNATIONAL.<\/em><br><em>Tutto il materiale autorizzato per le esibizioni \u00e8 fornito da MTI<\/em><br><a href=\"http:\/\/www.mtishows.co.uk\/\" target=\"_blank\" rel=\"noreferrer noopener\">www.mtishows.co.uk<\/a><\/p>\n\n\n\n<p><\/p>\n<\/div>\n<\/div>\n","protected":false},"excerpt":{"rendered":"<p>Frankenstein Junior Venerd\u00ec 14\/11\/2025 &#8211; Ore 21.00 Teatro Dehon &#8211; BO Sabato 15\/11\/2025 &#8211; Ore 21.00 Teatro Dehon &#8211; BO Domenica 16\/11\/2025 &#8211; Ore 16.00 Teatro Dehon &#8211; BO Sabato 14\/03\/2026 &#8211; Ore 21.00 Teatro Comunale Castiglione dei Pepoli &#8211; BO Musical in 2 partida&nbsp;&nbsp;YOUNG FRANKENSTEIN&nbsp;di&nbsp;MEL BROOKSLibretto&nbsp;di Mel Brooks e Thomas MeehanMusiche e Testi&nbsp;di Mel [&hellip;]<\/p>\n","protected":false},"author":3,"featured_media":0,"comment_status":"closed","ping_status":"closed","sticky":false,"template":"","format":"standard","meta":{"_uag_custom_page_level_css":"","site-sidebar-layout":"default","site-content-layout":"","ast-site-content-layout":"default","site-content-style":"default","site-sidebar-style":"default","ast-global-header-display":"","ast-banner-title-visibility":"","ast-main-header-display":"","ast-hfb-above-header-display":"","ast-hfb-below-header-display":"","ast-hfb-mobile-header-display":"","site-post-title":"disabled","ast-breadcrumbs-content":"","ast-featured-img":"","footer-sml-layout":"","theme-transparent-header-meta":"","adv-header-id-meta":"","stick-header-meta":"","header-above-stick-meta":"","header-main-stick-meta":"","header-below-stick-meta":"","astra-migrate-meta-layouts":"set","ast-page-background-enabled":"default","ast-page-background-meta":{"desktop":{"background-color":"var(--ast-global-color-4)","background-image":"","background-repeat":"repeat","background-position":"center center","background-size":"auto","background-attachment":"scroll","background-type":"","background-media":"","overlay-type":"","overlay-color":"","overlay-opacity":"","overlay-gradient":""},"tablet":{"background-color":"","background-image":"","background-repeat":"repeat","background-position":"center center","background-size":"auto","background-attachment":"scroll","background-type":"","background-media":"","overlay-type":"","overlay-color":"","overlay-opacity":"","overlay-gradient":""},"mobile":{"background-color":"","background-image":"","background-repeat":"repeat","background-position":"center center","background-size":"auto","background-attachment":"scroll","background-type":"","background-media":"","overlay-type":"","overlay-color":"","overlay-opacity":"","overlay-gradient":""}},"ast-content-background-meta":{"desktop":{"background-color":"var(--ast-global-color-5)","background-image":"","background-repeat":"repeat","background-position":"center center","background-size":"auto","background-attachment":"scroll","background-type":"","background-media":"","overlay-type":"","overlay-color":"","overlay-opacity":"","overlay-gradient":""},"tablet":{"background-color":"var(--ast-global-color-5)","background-image":"","background-repeat":"repeat","background-position":"center center","background-size":"auto","background-attachment":"scroll","background-type":"","background-media":"","overlay-type":"","overlay-color":"","overlay-opacity":"","overlay-gradient":""},"mobile":{"background-color":"var(--ast-global-color-5)","background-image":"","background-repeat":"repeat","background-position":"center center","background-size":"auto","background-attachment":"scroll","background-type":"","background-media":"","overlay-type":"","overlay-color":"","overlay-opacity":"","overlay-gradient":""}},"footnotes":""},"categories":[6,11],"tags":[],"class_list":["post-5896","post","type-post","status-publish","format-standard","hentry","category-musical","category-spettacoli-in-stagione"],"uagb_featured_image_src":{"full":false,"thumbnail":false,"medium":false,"medium_large":false,"large":false,"1536x1536":false,"2048x2048":false},"uagb_author_info":{"display_name":"Luca Cornazzani","author_link":"https:\/\/www.laragnatelateatro.com\/index.php\/author\/luca\/"},"uagb_comment_info":0,"uagb_excerpt":"Frankenstein Junior Venerd\u00ec 14\/11\/2025 &#8211; Ore 21.00 Teatro Dehon &#8211; BO Sabato 15\/11\/2025 &#8211; Ore 21.00 Teatro Dehon &#8211; BO Domenica 16\/11\/2025 &#8211; Ore 16.00 Teatro Dehon &#8211; BO Sabato 14\/03\/2026 &#8211; Ore 21.00 Teatro Comunale Castiglione dei Pepoli &#8211; BO Musical in 2 partida&nbsp;&nbsp;YOUNG FRANKENSTEIN&nbsp;di&nbsp;MEL BROOKSLibretto&nbsp;di Mel Brooks e Thomas MeehanMusiche e Testi&nbsp;di Mel&hellip;","_links":{"self":[{"href":"https:\/\/www.laragnatelateatro.com\/index.php\/wp-json\/wp\/v2\/posts\/5896","targetHints":{"allow":["GET"]}}],"collection":[{"href":"https:\/\/www.laragnatelateatro.com\/index.php\/wp-json\/wp\/v2\/posts"}],"about":[{"href":"https:\/\/www.laragnatelateatro.com\/index.php\/wp-json\/wp\/v2\/types\/post"}],"author":[{"embeddable":true,"href":"https:\/\/www.laragnatelateatro.com\/index.php\/wp-json\/wp\/v2\/users\/3"}],"replies":[{"embeddable":true,"href":"https:\/\/www.laragnatelateatro.com\/index.php\/wp-json\/wp\/v2\/comments?post=5896"}],"version-history":[{"count":42,"href":"https:\/\/www.laragnatelateatro.com\/index.php\/wp-json\/wp\/v2\/posts\/5896\/revisions"}],"predecessor-version":[{"id":6777,"href":"https:\/\/www.laragnatelateatro.com\/index.php\/wp-json\/wp\/v2\/posts\/5896\/revisions\/6777"}],"wp:attachment":[{"href":"https:\/\/www.laragnatelateatro.com\/index.php\/wp-json\/wp\/v2\/media?parent=5896"}],"wp:term":[{"taxonomy":"category","embeddable":true,"href":"https:\/\/www.laragnatelateatro.com\/index.php\/wp-json\/wp\/v2\/categories?post=5896"},{"taxonomy":"post_tag","embeddable":true,"href":"https:\/\/www.laragnatelateatro.com\/index.php\/wp-json\/wp\/v2\/tags?post=5896"}],"curies":[{"name":"wp","href":"https:\/\/api.w.org\/{rel}","templated":true}]}}