{"id":5946,"date":"2025-10-13T20:40:03","date_gmt":"2025-10-13T18:40:03","guid":{"rendered":"https:\/\/www.laragnatelateatro.com\/?p=5946"},"modified":"2025-12-04T22:05:08","modified_gmt":"2025-12-04T21:05:08","slug":"al-male-imazineri-25-26","status":"publish","type":"post","link":"https:\/\/www.laragnatelateatro.com\/index.php\/2025\/10\/13\/al-male-imazineri-25-26\/","title":{"rendered":"Al Male\u2019 Imazineri 25\/26"},"content":{"rendered":"\n<h2 class=\"wp-block-heading has-text-align-center\">Al Mal\u00e8 ima\u017cin\u00e8ri<\/h2>\n\n\n\n<div class=\"wp-block-uagb-advanced-heading uagb-block-0cf5c43e\"><h4 class=\"uagb-heading-text\">Dialettale<\/h4><\/div>\n\n\n\n<div class=\"wp-block-uagb-container uagb-block-543a32f8 alignfull uagb-is-root-container\"><div class=\"uagb-container-inner-blocks-wrap\">\n<div class=\"wp-block-uagb-container uagb-block-8a3de5d9\">\n<div class=\"wp-block-uagb-image uagb-block-d8bfedf2 wp-block-uagb-image--layout-default wp-block-uagb-image--effect-static wp-block-uagb-image--align-none\"><figure class=\"wp-block-uagb-image__figure\"><img decoding=\"async\" srcset=\"https:\/\/www.laragnatelateatro.com\/wp-content\/uploads\/2025\/10\/MALE.jpg ,https:\/\/www.laragnatelateatro.com\/wp-content\/uploads\/2025\/10\/MALE.jpg 780w, https:\/\/www.laragnatelateatro.com\/wp-content\/uploads\/2025\/10\/MALE.jpg 360w\" sizes=\"auto, (max-width: 480px) 150px\" src=\"https:\/\/www.laragnatelateatro.com\/wp-content\/uploads\/2025\/10\/MALE.jpg\" alt=\"\" class=\"uag-image-6437\" width=\"708\" height=\"748\" title=\"MALE'\" loading=\"lazy\" role=\"img\"\/><\/figure><\/div>\n<\/div>\n\n\n\n<div class=\"wp-block-uagb-container uagb-block-6b0cd84f\">\n<div class=\"wp-block-uagb-container uagb-block-a9ba2fc5\">\n<div class=\"wp-block-uagb-container uagb-block-6676d528\">\n<p class=\"has-text-align-center\"><strong>Gioved\u00ec 13\/11\/2025 &#8211; Ore 16.00<\/strong><br><strong>Gioved\u00ec 13\/11\/2025 &#8211; Ore 21.00<br><a href=\"https:\/\/www.laragnatelateatro.com\/index.php\/2024\/09\/25\/teatro-dehon\/\">Teatro Dehon<\/a><\/strong> &#8211; BO<br>Associazione ANTEA<\/p>\n\n\n\n<p class=\"has-text-align-center\">Per prenotazioni: 051550930<\/p>\n<\/div>\n\n\n\n<div class=\"wp-block-uagb-container uagb-block-a120a985\">\n<p class=\"has-text-align-center\"><strong>Sabato 29\/11\/2025 &#8211; ore 21.00 Sala Giulietta<\/strong> (San Giorgio di Piano, BO)<\/p>\n\n\n\n<p><\/p>\n<\/div>\n<\/div>\n<\/div>\n<\/div><\/div>\n\n\n\n<div class=\"wp-block-group is-layout-constrained wp-block-group-is-layout-constrained\">\n<p>2 atti brillanti <br>da\u00a0<strong><strong>LE MALADE IMAGINAIRE<\/strong><\/strong> <br>di\u00a0<strong>MOLIERE<\/strong><br><strong>Traduzione in lingua italiana:<\/strong> Rosa Vignoli<br><strong>Traduzione in lingua bolognese:<\/strong>\u00a0Marco Fini<br><strong>Adattamento:<\/strong>\u00a0Carlo Picchi, Rosa Vignoli, Maurizio Ceneri<\/p>\n\n\n\n<div class=\"wp-block-group is-layout-constrained wp-block-group-is-layout-constrained\">\n<h4 class=\"wp-block-heading has-text-align-center\" style=\"margin-top:var(--wp--preset--spacing--70);margin-right:var(--wp--preset--spacing--70);margin-bottom:var(--wp--preset--spacing--70);margin-left:var(--wp--preset--spacing--70);font-style:normal;font-weight:700\">SINOSSI<\/h4>\n\n\n\n<p class=\"has-text-align-left\">Argante, malato immaginario, vuole maritare la figlia con un aspirante guaritore solo per avere in famiglia un medico che si occupi di lui a modico prezzo, mentre la moglie vorrebbe la figlia in convento per ereditare le ricchezze del marito.<br>Solo una messinscena ordita dalla furba serva Tonina, Argante si render\u00e0 conto di essere l\u2019autore dei propri mali.<\/p>\n\n\n\n<hr class=\"wp-block-separator has-alpha-channel-opacity\"\/>\n<\/div>\n\n\n\n<div class=\"wp-block-group is-layout-constrained wp-block-group-is-layout-constrained\">\n<h4 class=\"wp-block-heading has-text-align-center\" style=\"font-style:normal;font-weight:700\">CAST<\/h4>\n\n\n\n<h6 class=\"wp-block-heading\">PERSONAGGI<\/h6>\n\n\n\n<ul class=\"wp-block-list\">\n<li><strong>ARGANTE<\/strong> (malato immaginario): MAURIZIO CENERI<\/li>\n\n\n\n<li><strong>BELINA<\/strong> (seconda moglie di Argante): MARIA GRAZIA CENNI<\/li>\n\n\n\n<li><strong>ANGELICA<\/strong><em><strong> <\/strong><\/em>(figlia di Argante): VANESSA MONTANARI<\/li>\n\n\n\n<li><strong>BERALDO<\/strong> (fratello di Argante): MARCO FINI<\/li>\n\n\n\n<li><strong>CLEANTE<\/strong>&nbsp;(amante di Angelica): GIACOMO PICCHI, FEDERICO NANNI<\/li>\n\n\n\n<li><strong>DOTTOR CAGHERAI<\/strong> (medico&nbsp;): WALTER LI VOLSI, MICHELE CHIUSOLI<\/li>\n\n\n\n<li><strong>TOMMASO CAGHERAI<\/strong> (figlio): LORENZO CHIAPPARINI, MATTEO BATTISTI<\/li>\n\n\n\n<li><strong>DOTTOR FECIS<\/strong> (medico curante): SAVERIO SELMI, TOMMASO LOMBARDO<\/li>\n\n\n\n<li><strong>DOTTOR AULENTI<\/strong> (farmacista): ROMANO MONTAGUTI, GIACOMO PICCHI, ALEX TAROZZI<\/li>\n\n\n\n<li><strong>SIGNOR BONAFEDE<\/strong> (notaio): RENATO MORINI, MARCO FINI. GIOVANNI RAGNO<\/li>\n\n\n\n<li><strong>TONINA&nbsp;<\/strong>(serva): ROSA VIGNOLI<\/li>\n<\/ul>\n\n\n\n<hr class=\"wp-block-separator has-alpha-channel-opacity\"\/>\n<\/div>\n\n\n\n<div class=\"wp-block-group is-layout-constrained wp-block-group-is-layout-constrained\">\n<h4 class=\"wp-block-heading has-text-align-center\" style=\"font-style:normal;font-weight:700\">STAFF ARTISTICO<\/h4>\n\n\n\n<ul class=\"wp-block-list\">\n<li><strong>SCENOGRAFIA:<\/strong>&nbsp;Teresa Barbieri, Carlo Picchi, Giovanni Ragno<\/li>\n\n\n\n<li><strong>COSTUMI:<\/strong>&nbsp;Teresa Barbieri<\/li>\n\n\n\n<li><strong>REGIA:<\/strong> Maria Grazia Cenni, Carlo Picchi<\/li>\n<\/ul>\n<\/div>\n<\/div>\n","protected":false},"excerpt":{"rendered":"<p>Al Mal\u00e8 ima\u017cin\u00e8ri Gioved\u00ec 13\/11\/2025 &#8211; Ore 16.00Gioved\u00ec 13\/11\/2025 &#8211; Ore 21.00Teatro Dehon &#8211; BOAssociazione ANTEA Per prenotazioni: 051550930 Sabato 29\/11\/2025 &#8211; ore 21.00 Sala Giulietta (San Giorgio di Piano, BO) 2 atti brillanti da\u00a0LE MALADE IMAGINAIRE di\u00a0MOLIERETraduzione in lingua italiana: Rosa VignoliTraduzione in lingua bolognese:\u00a0Marco FiniAdattamento:\u00a0Carlo Picchi, Rosa Vignoli, Maurizio Ceneri Argante, malato immaginario, [&hellip;]<\/p>\n","protected":false},"author":3,"featured_media":0,"comment_status":"closed","ping_status":"closed","sticky":false,"template":"","format":"standard","meta":{"_uag_custom_page_level_css":"","site-sidebar-layout":"default","site-content-layout":"","ast-site-content-layout":"default","site-content-style":"default","site-sidebar-style":"default","ast-global-header-display":"","ast-banner-title-visibility":"","ast-main-header-display":"","ast-hfb-above-header-display":"","ast-hfb-below-header-display":"","ast-hfb-mobile-header-display":"","site-post-title":"disabled","ast-breadcrumbs-content":"","ast-featured-img":"","footer-sml-layout":"","theme-transparent-header-meta":"","adv-header-id-meta":"","stick-header-meta":"","header-above-stick-meta":"","header-main-stick-meta":"","header-below-stick-meta":"","astra-migrate-meta-layouts":"set","ast-page-background-enabled":"default","ast-page-background-meta":{"desktop":{"background-color":"var(--ast-global-color-4)","background-image":"","background-repeat":"repeat","background-position":"center center","background-size":"auto","background-attachment":"scroll","background-type":"","background-media":"","overlay-type":"","overlay-color":"","overlay-opacity":"","overlay-gradient":""},"tablet":{"background-color":"","background-image":"","background-repeat":"repeat","background-position":"center center","background-size":"auto","background-attachment":"scroll","background-type":"","background-media":"","overlay-type":"","overlay-color":"","overlay-opacity":"","overlay-gradient":""},"mobile":{"background-color":"","background-image":"","background-repeat":"repeat","background-position":"center center","background-size":"auto","background-attachment":"scroll","background-type":"","background-media":"","overlay-type":"","overlay-color":"","overlay-opacity":"","overlay-gradient":""}},"ast-content-background-meta":{"desktop":{"background-color":"var(--ast-global-color-5)","background-image":"","background-repeat":"repeat","background-position":"center center","background-size":"auto","background-attachment":"scroll","background-type":"","background-media":"","overlay-type":"","overlay-color":"","overlay-opacity":"","overlay-gradient":""},"tablet":{"background-color":"var(--ast-global-color-5)","background-image":"","background-repeat":"repeat","background-position":"center center","background-size":"auto","background-attachment":"scroll","background-type":"","background-media":"","overlay-type":"","overlay-color":"","overlay-opacity":"","overlay-gradient":""},"mobile":{"background-color":"var(--ast-global-color-5)","background-image":"","background-repeat":"repeat","background-position":"center center","background-size":"auto","background-attachment":"scroll","background-type":"","background-media":"","overlay-type":"","overlay-color":"","overlay-opacity":"","overlay-gradient":""}},"footnotes":""},"categories":[8,11],"tags":[],"class_list":["post-5946","post","type-post","status-publish","format-standard","hentry","category-commedie-dialettali","category-spettacoli-in-stagione"],"uagb_featured_image_src":{"full":false,"thumbnail":false,"medium":false,"medium_large":false,"large":false,"1536x1536":false,"2048x2048":false},"uagb_author_info":{"display_name":"Luca Cornazzani","author_link":"https:\/\/www.laragnatelateatro.com\/index.php\/author\/luca\/"},"uagb_comment_info":0,"uagb_excerpt":"Al Mal\u00e8 ima\u017cin\u00e8ri Gioved\u00ec 13\/11\/2025 &#8211; Ore 16.00Gioved\u00ec 13\/11\/2025 &#8211; Ore 21.00Teatro Dehon &#8211; BOAssociazione ANTEA Per prenotazioni: 051550930 Sabato 29\/11\/2025 &#8211; ore 21.00 Sala Giulietta (San Giorgio di Piano, BO) 2 atti brillanti da\u00a0LE MALADE IMAGINAIRE di\u00a0MOLIERETraduzione in lingua italiana: Rosa VignoliTraduzione in lingua bolognese:\u00a0Marco FiniAdattamento:\u00a0Carlo Picchi, Rosa Vignoli, Maurizio Ceneri Argante, malato immaginario,&hellip;","_links":{"self":[{"href":"https:\/\/www.laragnatelateatro.com\/index.php\/wp-json\/wp\/v2\/posts\/5946","targetHints":{"allow":["GET"]}}],"collection":[{"href":"https:\/\/www.laragnatelateatro.com\/index.php\/wp-json\/wp\/v2\/posts"}],"about":[{"href":"https:\/\/www.laragnatelateatro.com\/index.php\/wp-json\/wp\/v2\/types\/post"}],"author":[{"embeddable":true,"href":"https:\/\/www.laragnatelateatro.com\/index.php\/wp-json\/wp\/v2\/users\/3"}],"replies":[{"embeddable":true,"href":"https:\/\/www.laragnatelateatro.com\/index.php\/wp-json\/wp\/v2\/comments?post=5946"}],"version-history":[{"count":49,"href":"https:\/\/www.laragnatelateatro.com\/index.php\/wp-json\/wp\/v2\/posts\/5946\/revisions"}],"predecessor-version":[{"id":6685,"href":"https:\/\/www.laragnatelateatro.com\/index.php\/wp-json\/wp\/v2\/posts\/5946\/revisions\/6685"}],"wp:attachment":[{"href":"https:\/\/www.laragnatelateatro.com\/index.php\/wp-json\/wp\/v2\/media?parent=5946"}],"wp:term":[{"taxonomy":"category","embeddable":true,"href":"https:\/\/www.laragnatelateatro.com\/index.php\/wp-json\/wp\/v2\/categories?post=5946"},{"taxonomy":"post_tag","embeddable":true,"href":"https:\/\/www.laragnatelateatro.com\/index.php\/wp-json\/wp\/v2\/tags?post=5946"}],"curies":[{"name":"wp","href":"https:\/\/api.w.org\/{rel}","templated":true}]}}